{"id":967,"date":"2024-03-28T15:25:52","date_gmt":"2024-03-28T15:25:52","guid":{"rendered":"http:\/\/shmt-presheva.com\/?p=967"},"modified":"2024-03-28T18:01:54","modified_gmt":"2024-03-28T18:01:54","slug":"orari-i-punes-gjat-muajit-te-ramazanit-nga-data-01-04-09-04-2024","status":"publish","type":"post","link":"https:\/\/shmt-presheva.com\/sr\/orari-i-punes-gjat-muajit-te-ramazanit-nga-data-01-04-09-04-2024\/","title":{"rendered":"RASPORED RADA - ZA MESEC RAMAZANA, od 01.04-09.04.godine"},"content":{"rendered":"<p><strong>Ovaj raspored va\u017ei od 01.04-09.04.godine,a posle Praznika FITER BAJRAMA c\u0301e se raditi po redovnom rasporedu.<\/strong><\/p>\n\n\n\n<figure class=\"wp-block-table aligncenter\"><table><tbody><tr><td><strong>Radno vreme tokom meseca Ramazana,<\/strong> <strong>nga data 01.04 &#8211; 09.04.2024<\/strong><\/td><\/tr><\/tbody><\/table><\/figure>\n\n\n\n<figure class=\"wp-block-table\"><table><tbody><tr><td>                      <strong>Prepodnevna smena<\/strong><\/td><td>                         <strong>Popodnevna smena<\/strong><\/td><\/tr><\/tbody><\/table><\/figure>\n\n\n\n<figure class=\"wp-block-table\"><table><tbody><tr><td><strong>R.br<\/strong><\/td><td>                      <strong> \u010casovi <\/strong>                                                              <\/td><td><strong>R.br<\/strong><\/td><td>                                        <strong>\u010casovi  <\/strong>                                                                        <\/td><\/tr><\/tbody><\/table><\/figure>\n\n\n\n<figure class=\"wp-block-table\"><table><tbody><tr><td><strong>1<\/strong><\/td><td>7.40 \u2013 8.20<\/td><td><strong>1<\/strong><\/td><td><strong>13<sup>00<\/sup>&#8211; 13<sup>40<\/sup><\/strong><\/td><\/tr><tr><td><strong>2<\/strong><\/td><td>8.20 \u2013 9.00<\/td><td>2<\/td><td><strong>13<sup>40<\/sup> \u2013 14<sup>20<\/sup><\/strong><\/td><\/tr><tr><td><strong>I<\/strong><\/td><td><strong>Pauza\u00a0 5\u00a0 minuta<\/strong><\/td><td><strong>I<\/strong><\/td><td><strong>Pauza\u00a0 5\u00a0 minuta<\/strong><\/td><\/tr><tr><td><strong>3<\/strong><\/td><td>9.05 \u2013 09.45<\/td><td>3<\/td><td><strong>14<sup>25<\/sup> \u2013 15<sup>05<\/sup><\/strong><\/td><\/tr><tr><td><strong>II<\/strong><\/td><td><strong>Pauza&nbsp; 15&nbsp; minuta<\/strong><\/td><td><strong><strong>I<\/strong>I<\/strong><\/td><td><strong>Pauza&nbsp; 15&nbsp; minuta<\/strong><\/td><\/tr><tr><td><strong>4<\/strong><\/td><td>10.00 \u2013 10.40<\/td><td>4<\/td><td><strong>15<sup>20 <\/sup>\u2013 16<sup>00<\/sup><\/strong><\/td><\/tr><tr><td>5<\/td><td>10.40 \u2013 11.20<\/td><td>5<\/td><td><strong>16<sup>00<\/sup> \u2013 16<sup>40<\/sup><\/strong><\/td><\/tr><tr><td><strong>III razreda.<\/strong><\/td><td><strong>Pauza\u00a0 5\u00a0 minuta<\/strong><\/td><td><strong>III razreda.<\/strong><\/td><td><strong>Pauza\u00a0 5\u00a0 minuta<\/strong><\/td><\/tr><tr><td>6<\/td><td>11.25 \u2013 12.05<\/td><td>6<\/td><td><strong>16<sup>45<\/sup> \u2013 17<sup>25<\/sup><\/strong><\/td><\/tr><tr><td>7<\/td><td>12.05 \u2013 12.45<\/td><td><strong>7<\/strong><\/td><td><strong><strong>17<sup>25<\/sup> \u2013 18<sup>05<\/sup><\/strong><\/strong><\/td><\/tr><tr><td><\/td><td><\/td><td><\/td><td>                                      <\/td><\/tr><tr><td><\/td><td><\/td><td><\/td><td><\/td><\/tr><\/tbody><\/table><\/figure>\n\n\n\n<figure class=\"wp-block-image size-full\"><img fetchpriority=\"high\" decoding=\"async\" width=\"966\" height=\"713\" src=\"http:\/\/shmt-presheva.com\/wp-content\/uploads\/2024\/03\/orari-01-09-prill-2024.jpg\" alt=\"\" class=\"wp-image-972\" srcset=\"https:\/\/shmt-presheva.com\/wp-content\/uploads\/2024\/03\/orari-01-09-prill-2024.jpg 966w, https:\/\/shmt-presheva.com\/wp-content\/uploads\/2024\/03\/orari-01-09-prill-2024-300x221.jpg 300w, https:\/\/shmt-presheva.com\/wp-content\/uploads\/2024\/03\/orari-01-09-prill-2024-768x567.jpg 768w, https:\/\/shmt-presheva.com\/wp-content\/uploads\/2024\/03\/orari-01-09-prill-2024-16x12.jpg 16w, https:\/\/shmt-presheva.com\/wp-content\/uploads\/2024\/03\/orari-01-09-prill-2024-600x443.jpg 600w\" sizes=\"(max-width: 966px) 100vw, 966px\" \/><\/figure>","protected":false},"excerpt":{"rendered":"<p>Ky orar vlen prej 01.04-09.04.2024, kurse pas Fest\u00ebs s\u00eb FIT\u00cbR BAJRAMIT, punohet me orarin e rregullt. Orari i pun\u00ebs gjat&#8230;<\/p>","protected":false},"author":4,"featured_media":129,"comment_status":"open","ping_status":"open","sticky":false,"template":"","format":"standard","meta":{"om_disable_all_campaigns":false,"_monsterinsights_skip_tracking":false,"_monsterinsights_sitenote_active":false,"_monsterinsights_sitenote_note":"","_monsterinsights_sitenote_category":0,"footnotes":""},"categories":[19],"tags":[],"class_list":["post-967","post","type-post","status-publish","format-standard","has-post-thumbnail","hentry","category-orari"],"_links":{"self":[{"href":"https:\/\/shmt-presheva.com\/sr\/wp-json\/wp\/v2\/posts\/967","targetHints":{"allow":["GET"]}}],"collection":[{"href":"https:\/\/shmt-presheva.com\/sr\/wp-json\/wp\/v2\/posts"}],"about":[{"href":"https:\/\/shmt-presheva.com\/sr\/wp-json\/wp\/v2\/types\/post"}],"author":[{"embeddable":true,"href":"https:\/\/shmt-presheva.com\/sr\/wp-json\/wp\/v2\/users\/4"}],"replies":[{"embeddable":true,"href":"https:\/\/shmt-presheva.com\/sr\/wp-json\/wp\/v2\/comments?post=967"}],"version-history":[{"count":3,"href":"https:\/\/shmt-presheva.com\/sr\/wp-json\/wp\/v2\/posts\/967\/revisions"}],"predecessor-version":[{"id":973,"href":"https:\/\/shmt-presheva.com\/sr\/wp-json\/wp\/v2\/posts\/967\/revisions\/973"}],"wp:featuredmedia":[{"embeddable":true,"href":"https:\/\/shmt-presheva.com\/sr\/wp-json\/wp\/v2\/media\/129"}],"wp:attachment":[{"href":"https:\/\/shmt-presheva.com\/sr\/wp-json\/wp\/v2\/media?parent=967"}],"wp:term":[{"taxonomy":"category","embeddable":true,"href":"https:\/\/shmt-presheva.com\/sr\/wp-json\/wp\/v2\/categories?post=967"},{"taxonomy":"post_tag","embeddable":true,"href":"https:\/\/shmt-presheva.com\/sr\/wp-json\/wp\/v2\/tags?post=967"}],"curies":[{"name":"wp","href":"https:\/\/api.w.org\/{rel}","templated":true}]}}