{"id":964,"date":"2024-03-26T11:17:16","date_gmt":"2024-03-26T11:17:16","guid":{"rendered":"http:\/\/shmt-presheva.com\/?p=964"},"modified":"2024-03-26T11:19:49","modified_gmt":"2024-03-26T11:19:49","slug":"lajmerim-mbledhja-e-keshillit-te-arsimtareve-8","status":"publish","type":"post","link":"https:\/\/shmt-presheva.com\/sr\/lajmerim-mbledhja-e-keshillit-te-arsimtareve-8\/","title":{"rendered":"OBAVE\u0160TENJE: Sednica Nastavni\u010dkog ve\u010da"},"content":{"rendered":"<p>Obave\u0161tavaju se nastavnici Srednje tehni\u010dke \u0161kole \u201ePre\u0161evo\u201c u Pre\u0161evu da c\u0301e sednica Nastavni\u010dkog vec\u0301a biti odr\u017eana 28.03.2024. \u010detvrtak) sa po\u010detkom u 13:00 \u010dasova.<sup>00<\/sup><strong>.<\/strong><\/p>\n\n\n\n<p>Dnevni red<\/p>\n\n\n\n<p>1. Disciplina u\u010denika<\/p>\n\n\n\n<p>2. Razmatranje polugodi\u0161njeg izve\u0161taja rada direktora \u0161kole;<\/p>\n\n\n\n<p>3. Razmatranje polugodi\u0161njeg izve\u0161taja rada \u0161kole;<\/p>\n\n\n\n<p>4. Razmatranje pravilnika o protokolu postupanja u ustanovi i odgovoru na nasilje, zloupotrebljavanje i zanemarivanje,<\/p>\n\n\n\n<p>5. Razmatranje izve\u0161taja o samovrednovanju iz oblasti:<\/p>\n\n\n\n<p>- \u0160kolski program i godi\u0161nji plan rada,<\/p>\n\n\n\n<p>- Podr\u0161ka u\u010denicima,<\/p>\n\n\n\n<p>- Organizacija rada \u0161kole i rukovo\u0111enje,<\/p>\n\n\n\n<p>6. Razno (ekskurzija za zapo\u0161ljene)<\/p>\n\n\n\n<p>Napomena: <strong>Prisustvo je obavezno.<\/strong><\/p>\n\n\n\n<p>Pre\u0161evo\n                                                                       Direktor: <\/p>\n\n\n\n<p>26.03.2024.\u00a0\u00a0\u00a0\u00a0\u00a0\u00a0\u00a0\u00a0\u00a0\u00a0\u00a0\u00a0\u00a0\u00a0\u00a0\u00a0\u00a0\u00a0\u00a0\u00a0\u00a0\u00a0\u00a0\u00a0\u00a0\u00a0\u00a0\u00a0\u00a0\u00a0\u00a0\u00a0\u00a0\u00a0\u00a0\u00a0\u00a0\u00a0\u00a0\u00a0\u00a0\u00a0\u00a0\u00a0\u00a0\u00a0\u00a0\u00a0\u00a0\u00a0\u00a0\u00a0\u00a0\u00a0\u00a0\u00a0\u00a0\u00a0\u00a0\u00a0\u00a0\u00a0\u00a0\u00a0\u00a0\u00a0\u00a0\u00a0\u00a0\u00a0\u00a0\u00a0\u00a0\u00a0\u00a0 Telat Arifi<\/p>","protected":false},"excerpt":{"rendered":"<p>Lajm\u00ebrohen m\u00ebsimdh\u00ebn\u00ebsit e SHMT\u2019\u2019Presheva\u2019\u2019 n\u00eb Preshev\u00eb se mbledhja e k\u00ebshillit t\u00eb arsimtar\u00ebve do t\u00eb mbahet m\u00eb dat\u00eb 28.03.2024. (e enjte)&#8230;<\/p>","protected":false},"author":4,"featured_media":456,"comment_status":"open","ping_status":"open","sticky":false,"template":"","format":"standard","meta":{"om_disable_all_campaigns":false,"_monsterinsights_skip_tracking":false,"_monsterinsights_sitenote_active":false,"_monsterinsights_sitenote_note":"","_monsterinsights_sitenote_category":0,"footnotes":""},"categories":[18],"tags":[],"class_list":["post-964","post","type-post","status-publish","format-standard","has-post-thumbnail","hentry","category-lajmerimet"],"_links":{"self":[{"href":"https:\/\/shmt-presheva.com\/sr\/wp-json\/wp\/v2\/posts\/964","targetHints":{"allow":["GET"]}}],"collection":[{"href":"https:\/\/shmt-presheva.com\/sr\/wp-json\/wp\/v2\/posts"}],"about":[{"href":"https:\/\/shmt-presheva.com\/sr\/wp-json\/wp\/v2\/types\/post"}],"author":[{"embeddable":true,"href":"https:\/\/shmt-presheva.com\/sr\/wp-json\/wp\/v2\/users\/4"}],"replies":[{"embeddable":true,"href":"https:\/\/shmt-presheva.com\/sr\/wp-json\/wp\/v2\/comments?post=964"}],"version-history":[{"count":2,"href":"https:\/\/shmt-presheva.com\/sr\/wp-json\/wp\/v2\/posts\/964\/revisions"}],"predecessor-version":[{"id":966,"href":"https:\/\/shmt-presheva.com\/sr\/wp-json\/wp\/v2\/posts\/964\/revisions\/966"}],"wp:featuredmedia":[{"embeddable":true,"href":"https:\/\/shmt-presheva.com\/sr\/wp-json\/wp\/v2\/media\/456"}],"wp:attachment":[{"href":"https:\/\/shmt-presheva.com\/sr\/wp-json\/wp\/v2\/media?parent=964"}],"wp:term":[{"taxonomy":"category","embeddable":true,"href":"https:\/\/shmt-presheva.com\/sr\/wp-json\/wp\/v2\/categories?post=964"},{"taxonomy":"post_tag","embeddable":true,"href":"https:\/\/shmt-presheva.com\/sr\/wp-json\/wp\/v2\/tags?post=964"}],"curies":[{"name":"wp","href":"https:\/\/api.w.org\/{rel}","templated":true}]}}