{"id":741,"date":"2023-10-30T11:18:35","date_gmt":"2023-10-30T11:18:35","guid":{"rendered":"http:\/\/shmt-presheva.com\/?p=741"},"modified":"2023-11-01T10:47:51","modified_gmt":"2023-11-01T10:47:51","slug":"lajmerim-tremujori-i-pare","status":"publish","type":"post","link":"https:\/\/shmt-presheva.com\/sr\/lajmerim-tremujori-i-pare\/","title":{"rendered":"O B A V E \u0160 T E NJ E: Prvo tromesecje"},"content":{"rendered":"<p>Obave\u0161tavaju se nastavnici Srednje tehni\u010dke \u0161kole \u201ePre\u0161evo\u201c u Pre\u0161evu da se prvi klasifikacioni period zavr\u0161ava 04.11.2023. godine i da c\u0301e se sednice odeljenjskih vec\u0301a odr\u017eati po sledec\u0301em rasporedu:<\/p>\n\n\n\n<p><strong>06.11.2023.godine (Ponedeljak)<\/strong><\/p>\n\n\n\n<p>- za I razred sa po\u010detkom u 13:00 \u010dasova<\/p>\n\n\n\n<p>- za III razred sa po\u010detkom u 13:30 \u010dasova<\/p>\n\n\n\n<p><strong>07.11.2023. god. (utorak)<\/strong><\/p>\n\n\n\n<p>- za II razred sa po\u010detkom u 13:00 \u010dasova<\/p>\n\n\n\n<p>- Za \u010detvrti razred u 13:30 \u010dasova<\/p>\n\n\n\n<p><strong>Napomena: 07.11.2023. (utorak) radi se po rasporedu za \u010detvrtak.<\/strong><\/p>\n\n\n\n<p>Svi nastavnici su u obavezi da u\u010denike ocene na vreme i da budu prisutni na sednicama Odeljenjskih vec\u0301a.<\/p>\n\n\n\n<p>U Pre\u0161evu \nDirektor \u0161kole<\/p>\n\n\n\n<p>27.10.2023.god\u00a0\u00a0\u00a0\u00a0\u00a0\u00a0\u00a0\u00a0\u00a0\u00a0\u00a0\u00a0\u00a0\u00a0\u00a0\u00a0\u00a0\u00a0\u00a0\u00a0\u00a0\u00a0\u00a0\u00a0\u00a0\u00a0\u00a0\u00a0\u00a0\u00a0\u00a0\u00a0\u00a0\u00a0\u00a0\u00a0\u00a0\u00a0\u00a0\u00a0\u00a0\u00a0\u00a0\u00a0\u00a0\u00a0\u00a0\u00a0\u00a0\u00a0\u00a0\u00a0\u00a0\u00a0\u00a0\u00a0\u00a0\u00a0\u00a0\u00a0\u00a0\u00a0\u00a0\u00a0\u00a0\u00a0\u00a0\u00a0\u00a0\u00a0\u00a0\u00a0\u00a0\u00a0\u00a0\u00a0\u00a0\u00a0\u00a0\u00a0\u00a0\u00a0\u00a0\u00a0\u00a0\u00a0\u00a0\u00a0\u00a0 \u00a0\u00a0\u00a0\u00a0\u00a0\u00a0\u00a0\u00a0Telat Arifi<\/p>","protected":false},"excerpt":{"rendered":"<p>Lajm\u00ebrohen m\u00ebsimdh\u00ebn\u00ebsit e Shkoll\u00ebs s\u00eb Mesme Teknike \u201cPresheva\u201d se tremujori i par\u00eb kryhet m\u00eb dat\u00eb 04.11.2023 dhe se mbledhjet e&#8230;<\/p>","protected":false},"author":4,"featured_media":456,"comment_status":"open","ping_status":"open","sticky":false,"template":"","format":"standard","meta":{"om_disable_all_campaigns":false,"_monsterinsights_skip_tracking":false,"_monsterinsights_sitenote_active":false,"_monsterinsights_sitenote_note":"","_monsterinsights_sitenote_category":0,"footnotes":""},"categories":[18],"tags":[],"class_list":["post-741","post","type-post","status-publish","format-standard","has-post-thumbnail","hentry","category-lajmerimet"],"_links":{"self":[{"href":"https:\/\/shmt-presheva.com\/sr\/wp-json\/wp\/v2\/posts\/741","targetHints":{"allow":["GET"]}}],"collection":[{"href":"https:\/\/shmt-presheva.com\/sr\/wp-json\/wp\/v2\/posts"}],"about":[{"href":"https:\/\/shmt-presheva.com\/sr\/wp-json\/wp\/v2\/types\/post"}],"author":[{"embeddable":true,"href":"https:\/\/shmt-presheva.com\/sr\/wp-json\/wp\/v2\/users\/4"}],"replies":[{"embeddable":true,"href":"https:\/\/shmt-presheva.com\/sr\/wp-json\/wp\/v2\/comments?post=741"}],"version-history":[{"count":2,"href":"https:\/\/shmt-presheva.com\/sr\/wp-json\/wp\/v2\/posts\/741\/revisions"}],"predecessor-version":[{"id":747,"href":"https:\/\/shmt-presheva.com\/sr\/wp-json\/wp\/v2\/posts\/741\/revisions\/747"}],"wp:featuredmedia":[{"embeddable":true,"href":"https:\/\/shmt-presheva.com\/sr\/wp-json\/wp\/v2\/media\/456"}],"wp:attachment":[{"href":"https:\/\/shmt-presheva.com\/sr\/wp-json\/wp\/v2\/media?parent=741"}],"wp:term":[{"taxonomy":"category","embeddable":true,"href":"https:\/\/shmt-presheva.com\/sr\/wp-json\/wp\/v2\/categories?post=741"},{"taxonomy":"post_tag","embeddable":true,"href":"https:\/\/shmt-presheva.com\/sr\/wp-json\/wp\/v2\/tags?post=741"}],"curies":[{"name":"wp","href":"https:\/\/api.w.org\/{rel}","templated":true}]}}