{"id":63,"date":"2022-06-16T09:39:41","date_gmt":"2022-06-16T09:39:41","guid":{"rendered":"http:\/\/shmt-presheva.com\/?p=63"},"modified":"2022-06-22T09:12:15","modified_gmt":"2022-06-22T09:12:15","slug":"orari-i-punes-per-muajin-qershor-dhe-korrik-per-klaset-jo-perfundimtare-per-vitin-shkolor-2021-2022","status":"publish","type":"post","link":"https:\/\/shmt-presheva.com\/sr\/orari-i-punes-per-muajin-qershor-dhe-korrik-per-klaset-jo-perfundimtare-per-vitin-shkolor-2021-2022\/","title":{"rendered":"ORARI I PUN\u00cbS P\u00cbR MUAJIN QERSHOR DHE KORRIK P\u00cbR KLAS\u00cbT JO-P\u00cbRFUNDIMTARE P\u00cbR VITIN SHKOLOR 2021\/2022"},"content":{"rendered":"<p>1. Nastava za nezavr\u0161ne razrede zavr\u0161ava se 06.06. 2023. godine. <strong>24.06.2022<\/strong>;<\/p>\n\n\n\n<p>2) M\u00eb dat\u00eb <strong>24.06.2022<\/strong> do t\u00eb mbahen bledhjet e K\u00ebshillit t\u00eb paraleleve, me k\u00ebt\u00eb orar:\u00a0\u00a0\u00a0\u00a0<\/p>\n\n\n\n<p>              &#8211; Vitet e I-ra <strong>n\u00eb ora 10:00<\/strong><br>\u00a0\u00a0\u00a0\u00a0\u00a0\u00a0\u00a0\u00a0\u00a0\u00a0\u00a0\u00a0 &#8211; Vitet e\u00a0 II-ta <strong>n\u00eb ora 11:00<\/strong><\/p>\n\n\n\n<p>             &#8211; Vitet e\u00a0 III-ta <strong>n\u00eb ora 12:00<\/strong><\/p>\n\n\n\n<p>3) M\u00eb <strong>30.06.2022 <\/strong>l\u00ebshimi i numrave t\u00eb protokolit p\u00ebr d\u00ebftesa;<\/p>\n\n\n\n<p>4) M\u00eb <strong>30.06.2022 <\/strong>paraqitja e provimeve klasore;<\/p>\n\n\n\n<p>5) M\u00eb <strong>01.07.2022 <\/strong>mbajtja provimit me shkrim;<\/p>\n\n\n\n<p>6) M\u00eb <strong>04.07.2022 dhe 05.07.2022 <\/strong>mbajtja e pjes\u00ebs s\u00eb provimit me goj\u00eb;<\/p>\n\n\n\n<p>7) M\u00eb <strong>06.07.2022 <\/strong>L\u00ebshimi i numrave t\u00eb protokollit, p\u00ebr nx\u00ebn\u00ebsit q\u00eb e kan\u00eb p\u00ebrfunduar provimin klasor;<\/p>\n\n\n\n<p>8) M\u00eb <strong>08.07.2022 <\/strong>n\u00eb ora 10.<sup>00 <\/sup>&nbsp;mledhja e k\u00ebshillit t\u00eb arsimtar\u00ebve;<\/p>\n\n\n\n<p>9) M\u00eb <strong>14.07.2022 dhe 15.07.2022, <\/strong>pranimi i dokumentacionit p\u00ebr regjistrim t\u00eb nx\u00ebn\u00ebsve n\u00eb klas\u00eb t\u00eb par\u00eb;<\/p>\n\n\n\n<p>10) M\u00eb <strong>16.07.2022 dhe 17.07.2022<\/strong> pranimi i dokumentacionit p\u00ebr regjistrim t\u00eb nx\u00ebn\u00ebsve n\u00eb klas\u00eb t\u00eb par\u00eb (afati i dyt\u00eb i provimit);<\/p>\n\n\n\n<p>U Pre\u0161evu\n\n    Direktor \u0161kole<\/p>\n\n\n\n<p>16.06.2022&nbsp;&nbsp;&nbsp;&nbsp;&nbsp;&nbsp;&nbsp;&nbsp;&nbsp;&nbsp;&nbsp;&nbsp;&nbsp;&nbsp;&nbsp;&nbsp;&nbsp;&nbsp;&nbsp;&nbsp;&nbsp;&nbsp;&nbsp;&nbsp;&nbsp;&nbsp;&nbsp;&nbsp;&nbsp;&nbsp;&nbsp;&nbsp;&nbsp;&nbsp;&nbsp;&nbsp;&nbsp; &nbsp;&nbsp;&nbsp;&nbsp;&nbsp;&nbsp;&nbsp;&nbsp;&nbsp;&nbsp;&nbsp;&nbsp;&nbsp;&nbsp; &nbsp;         Telat Arifi<\/p>\n\n\n\n<figure class=\"wp-block-image size-full\"><img fetchpriority=\"high\" decoding=\"async\" width=\"300\" height=\"200\" src=\"http:\/\/shmt-presheva.com\/wp-content\/uploads\/2022\/06\/WEB-SHMT-FOTO-1-300x200-min.jpg\" alt=\"\" class=\"wp-image-64\" srcset=\"https:\/\/shmt-presheva.com\/wp-content\/uploads\/2022\/06\/WEB-SHMT-FOTO-1-300x200-min.jpg 300w, https:\/\/shmt-presheva.com\/wp-content\/uploads\/2022\/06\/WEB-SHMT-FOTO-1-300x200-min-18x12.jpg 18w\" sizes=\"(max-width: 300px) 100vw, 300px\" \/><\/figure>\n\n\n\n<p>&nbsp;&nbsp;&nbsp;&nbsp;&nbsp;&nbsp;&nbsp;&nbsp;&nbsp;&nbsp;&nbsp;&nbsp;&nbsp;&nbsp;&nbsp;&nbsp;&nbsp;&nbsp;&nbsp;&nbsp;&nbsp;&nbsp;&nbsp;&nbsp;&nbsp;&nbsp;&nbsp;&nbsp;&nbsp;&nbsp;&nbsp;&nbsp;&nbsp;&nbsp;&nbsp;&nbsp;&nbsp;&nbsp;&nbsp;&nbsp;&nbsp;&nbsp;&nbsp;&nbsp;&nbsp;&nbsp;&nbsp;&nbsp;&nbsp;&nbsp;&nbsp;&nbsp;&nbsp;&nbsp;&nbsp;&nbsp;&nbsp;&nbsp;&nbsp;&nbsp;&nbsp;&nbsp;&nbsp;&nbsp;&nbsp;&nbsp;&nbsp;&nbsp;&nbsp;&nbsp;&nbsp;&nbsp;&nbsp;&nbsp;&nbsp;&nbsp; &nbsp;&nbsp;<\/p>\n\n\n\n<p><strong>&nbsp;&nbsp;&nbsp;&nbsp;&nbsp;&nbsp;&nbsp;&nbsp;&nbsp;&nbsp; <\/strong><\/p>","protected":false},"excerpt":{"rendered":"<p>1) M\u00ebsimi p\u00ebr klas\u00ebt jo-p\u00ebrfundimtare, p\u00ebrfundon m\u00eb dat\u00eb 24.06.2022; 2) M\u00eb dat\u00eb 24.06.2022 do t\u00eb mbahen bledhjet e K\u00ebshillit t\u00eb&#8230;<\/p>","protected":false},"author":4,"featured_media":64,"comment_status":"open","ping_status":"open","sticky":false,"template":"","format":"standard","meta":{"om_disable_all_campaigns":false,"_monsterinsights_skip_tracking":false,"_monsterinsights_sitenote_active":false,"_monsterinsights_sitenote_note":"","_monsterinsights_sitenote_category":0,"footnotes":""},"categories":[1],"tags":[],"class_list":["post-63","post","type-post","status-publish","format-standard","has-post-thumbnail","hentry","category-uncategorized"],"_links":{"self":[{"href":"https:\/\/shmt-presheva.com\/sr\/wp-json\/wp\/v2\/posts\/63","targetHints":{"allow":["GET"]}}],"collection":[{"href":"https:\/\/shmt-presheva.com\/sr\/wp-json\/wp\/v2\/posts"}],"about":[{"href":"https:\/\/shmt-presheva.com\/sr\/wp-json\/wp\/v2\/types\/post"}],"author":[{"embeddable":true,"href":"https:\/\/shmt-presheva.com\/sr\/wp-json\/wp\/v2\/users\/4"}],"replies":[{"embeddable":true,"href":"https:\/\/shmt-presheva.com\/sr\/wp-json\/wp\/v2\/comments?post=63"}],"version-history":[{"count":5,"href":"https:\/\/shmt-presheva.com\/sr\/wp-json\/wp\/v2\/posts\/63\/revisions"}],"predecessor-version":[{"id":75,"href":"https:\/\/shmt-presheva.com\/sr\/wp-json\/wp\/v2\/posts\/63\/revisions\/75"}],"wp:featuredmedia":[{"embeddable":true,"href":"https:\/\/shmt-presheva.com\/sr\/wp-json\/wp\/v2\/media\/64"}],"wp:attachment":[{"href":"https:\/\/shmt-presheva.com\/sr\/wp-json\/wp\/v2\/media?parent=63"}],"wp:term":[{"taxonomy":"category","embeddable":true,"href":"https:\/\/shmt-presheva.com\/sr\/wp-json\/wp\/v2\/categories?post=63"},{"taxonomy":"post_tag","embeddable":true,"href":"https:\/\/shmt-presheva.com\/sr\/wp-json\/wp\/v2\/tags?post=63"}],"curies":[{"name":"wp","href":"https:\/\/api.w.org\/{rel}","templated":true}]}}