{"id":548,"date":"2023-08-23T08:34:04","date_gmt":"2023-08-23T08:34:04","guid":{"rendered":"http:\/\/shmt-presheva.com\/?p=548"},"modified":"2023-08-23T08:40:51","modified_gmt":"2023-08-23T08:40:51","slug":"lajmerim-mbledhja-e-keshillit-te-arsimtareve-3","status":"publish","type":"post","link":"https:\/\/shmt-presheva.com\/sr\/lajmerim-mbledhja-e-keshillit-te-arsimtareve-3\/","title":{"rendered":"Obave\u0161tenje: Sednica nastavni\u010dkog ve\u0107a"},"content":{"rendered":"<p>Obave\u0161tavaju se nastavnici Srednje tehni\u010dke \u0161kole \u201ePre\u0161evo\u201c u Pre\u0161evu da c\u0301e sednice Nastavni\u010dkog vec\u0301a biti <strong>31.08.2023<\/strong> sa po\u010detkom u <strong>10:00<\/strong>  .<\/p>\n\n\n\n<p><strong>Predlo\u017eeni dnevni red za ovu sednicu je:<\/strong><\/p>\n\n\n\n<p>1. Analiza uspeha na kraju \u0161kolske 2022\/23.<\/p>\n\n\n\n<p>2. Realizacija nastavnog plana i programa;<\/p>\n\n\n\n<p>3. Usvajanje godi\u0161njeg programa rada;<\/p>\n\n\n\n<p>4. Usvajanje razvojnog plana za 2023\/24. god.;<\/p>\n\n\n\n<p>5. Usvajanje izve\u0161taja direktora \u0161kole;<\/p>\n\n\n\n<p>6. Smernice za organizaciju i realizaciju obrazovno-vaspitnog rada u srednjim \u0161kolama za 2023\/24. godinu;<\/p>\n\n\n\n<p>7. Realizacija upisa u\u010denika u za prvi razred, za \u0161kolsku 2023\/24;<\/p>\n\n\n\n<p>5. Razno.<\/p>\n\n\n\n<p>U Pre\u0161evu\n\n    Direktor \u0161kole<\/p>\n\n\n\n<p>23.08.2023 god. \u00a0\u00a0\u00a0\u00a0\u00a0\u00a0\u00a0\u00a0\u00a0\u00a0\u00a0\u00a0\u00a0\u00a0\u00a0\u00a0\u00a0\u00a0\u00a0\u00a0\u00a0\u00a0\u00a0\u00a0\u00a0\u00a0\u00a0\u00a0\u00a0\u00a0\u00a0\u00a0\u00a0\u00a0\u00a0\u00a0\u00a0\u00a0\u00a0\u00a0\u00a0\u00a0\u00a0\u00a0\u00a0\u00a0\u00a0\u00a0\u00a0\u00a0\u00a0\u00a0\u00a0\u00a0\u00a0\u00a0\u00a0\u00a0\u00a0\u00a0\u00a0\u00a0\u00a0\u00a0\u00a0\u00a0\u00a0\u00a0\u00a0\u00a0\u00a0\u00a0\u00a0\u00a0\u00a0\u00a0\u00a0\u00a0\u00a0\u00a0\u00a0\u00a0\u00a0\u00a0\u00a0\u00a0\u00a0\u00a0\u00a0 \u00a0\u00a0\u00a0\u00a0\u00a0\u00a0\u00a0\u00a0Telat Arifi<\/p>","protected":false},"excerpt":{"rendered":"<p>Njoftohen m\u00ebsimdh\u00ebn\u00ebsit e Shkoll\u00ebs s\u00eb Mesme Teknike \u201cPresheva\u201d se mbledhja e K\u00ebshillit t\u00eb Arsimtar\u00ebve do t\u00eb mbahen m\u00eb dat\u00eb 31.08.2023&#8230;<\/p>","protected":false},"author":4,"featured_media":373,"comment_status":"open","ping_status":"open","sticky":false,"template":"","format":"standard","meta":{"om_disable_all_campaigns":false,"_monsterinsights_skip_tracking":false,"_monsterinsights_sitenote_active":false,"_monsterinsights_sitenote_note":"","_monsterinsights_sitenote_category":0,"footnotes":""},"categories":[18],"tags":[],"class_list":["post-548","post","type-post","status-publish","format-standard","has-post-thumbnail","hentry","category-lajmerimet"],"_links":{"self":[{"href":"https:\/\/shmt-presheva.com\/sr\/wp-json\/wp\/v2\/posts\/548","targetHints":{"allow":["GET"]}}],"collection":[{"href":"https:\/\/shmt-presheva.com\/sr\/wp-json\/wp\/v2\/posts"}],"about":[{"href":"https:\/\/shmt-presheva.com\/sr\/wp-json\/wp\/v2\/types\/post"}],"author":[{"embeddable":true,"href":"https:\/\/shmt-presheva.com\/sr\/wp-json\/wp\/v2\/users\/4"}],"replies":[{"embeddable":true,"href":"https:\/\/shmt-presheva.com\/sr\/wp-json\/wp\/v2\/comments?post=548"}],"version-history":[{"count":6,"href":"https:\/\/shmt-presheva.com\/sr\/wp-json\/wp\/v2\/posts\/548\/revisions"}],"predecessor-version":[{"id":555,"href":"https:\/\/shmt-presheva.com\/sr\/wp-json\/wp\/v2\/posts\/548\/revisions\/555"}],"wp:featuredmedia":[{"embeddable":true,"href":"https:\/\/shmt-presheva.com\/sr\/wp-json\/wp\/v2\/media\/373"}],"wp:attachment":[{"href":"https:\/\/shmt-presheva.com\/sr\/wp-json\/wp\/v2\/media?parent=548"}],"wp:term":[{"taxonomy":"category","embeddable":true,"href":"https:\/\/shmt-presheva.com\/sr\/wp-json\/wp\/v2\/categories?post=548"},{"taxonomy":"post_tag","embeddable":true,"href":"https:\/\/shmt-presheva.com\/sr\/wp-json\/wp\/v2\/tags?post=548"}],"curies":[{"name":"wp","href":"https:\/\/api.w.org\/{rel}","templated":true}]}}