{"id":515,"date":"2023-06-12T11:50:22","date_gmt":"2023-06-12T11:50:22","guid":{"rendered":"http:\/\/shmt-presheva.com\/?p=515"},"modified":"2023-06-13T09:49:18","modified_gmt":"2023-06-13T09:49:18","slug":"orari-i-punes-per-muajin-qershor-dhe-korrik-per-vitin-shkolor-2023-2023","status":"publish","type":"post","link":"https:\/\/shmt-presheva.com\/sr\/orari-i-punes-per-muajin-qershor-dhe-korrik-per-vitin-shkolor-2023-2023\/","title":{"rendered":"O B A V E \u0160 T E NJ E RASPORED RADA ZA MESEC JUN I JUL 2022\/2023"},"content":{"rendered":"<p>1. Nastava za nezavr\u0161ne razrede zavr\u0161ava se 06.06. 2023. godine. <strong>06.06.2023<\/strong>;<\/p>\n\n\n\n<p>2. Od 07.06. do 20.06. 2023. realizacija ostalih vidova nastave (dodatna, dopunska, blok..) i svo\u0111enje kona\u010dnih ocena u\u010denika;<\/p>\n\n\n\n<p>3. Odeljenjska vec\u0301a za u\u010denike nezavr\u0161nih razreda odr\u017eac\u0301e se 20.06. 2023. godine po sledec\u0301em rasporedu:&nbsp;&nbsp;&nbsp;&nbsp;<\/p>\n\n\n\n<p>&nbsp;&nbsp;&nbsp;&nbsp;&nbsp;&nbsp;&nbsp;&nbsp;&nbsp;&nbsp;&nbsp;&nbsp; &nbsp;- za I razred u 10:00 \u010dasova;<\/p>\n\n\n\n<p>              - za II razred u 11:00 \u010dasova;<br>&nbsp;&nbsp;&nbsp;&nbsp;&nbsp;&nbsp;&nbsp;&nbsp;&nbsp;&nbsp;&nbsp;  &nbsp;- za III razred u 12:00 \u010dasova;<\/p>\n\n\n\n<p>4. 21. 06. 2023. godine - Prijava razrednih ispita za u\u010denike nezavr\u0161nih razreda;<\/p>\n\n\n\n<p>5. Pripremna nastava za razredne ispite odr\u017eac\u0301e se od 21.06. do 27.06. 2023. godine od 09:00 do 13:00 \u010dasova;<\/p>\n\n\n\n<p>6. Polaganje razrednih ispita odr\u017eac\u0301e se 29. 06. i 30.06.2023. sa po\u010detkom u 09:00 \u010dasova;<\/p>\n\n\n\n<p>7. Delovodni brojevi svedo\u010danstava za nezavr\u0161ne razrede pu\u0161taju se 30. 06. 2023. godine;<\/p>\n\n\n\n<p>8. Podela \u010dasova po aktivima bic\u0301e odr\u017eano po sledec\u0301em rasporedu:<\/p>\n\n\n\n<p>&nbsp;&nbsp;&nbsp;&nbsp;&nbsp;&nbsp;&nbsp; &nbsp;&nbsp;&nbsp;&nbsp;&nbsp;&nbsp;&nbsp;&nbsp;&nbsp;&nbsp;&nbsp;&nbsp;&nbsp;&nbsp;&nbsp;<strong>03.07. 2023<\/strong><strong>:<\/strong><\/p>\n\n\n\n<p>- Aktiv ma\u0161instva od 09:00 \u010dasova;<\/p>\n\n\n\n<p>- Aktiv elektrotehnike od 10:00 \u010dasova;<\/p>\n\n\n\n<p>- Aktiv saobrac\u0301aja od 11:00 \u010dasova;<\/p>\n\n\n\n<p>- Aktiv ekonomije od 12:00 \u010dasova;<\/p>\n\n\n\n<p>- Aktiv medicine od 13:00 \u010dasova.<\/p>\n\n\n\n<p>&nbsp;&nbsp;&nbsp;&nbsp;&nbsp;&nbsp;&nbsp;&nbsp;&nbsp;&nbsp;&nbsp;&nbsp;&nbsp;&nbsp;&nbsp;&nbsp;&nbsp;&nbsp;&nbsp;&nbsp;&nbsp;&nbsp;&nbsp;&nbsp; <strong>04.07.2023<\/strong>:<\/p>\n\n\n\n<p>- Aktiv albanskog jezika od 09:00 \u010dasova;<\/p>\n\n\n\n<p>- Aktiv srpskog jezika od 09:30 \u010dasova;<\/p>\n\n\n\n<p>- Aktiv engleskog jezika od 10:00 \u010dasova;<\/p>\n\n\n\n<p>Za ostale aktive dostavic\u0301e se samo indeks odeljenja;<\/p>\n\n\n\n<p>9. Prijem dokumentacije za upis u\u010denika u prvi razred za \u0161kolsku 2023\/24. godinu je 03.07. i 04.07.2023. godine od 08:00 do 15:00 \u010dasova.<\/p>\n\n\n\n<p><strong>Komisije za prijem <\/strong><strong>u\u010denika:<\/strong><\/p>\n\n\n\n<p>I-1 Tehni\u010dar drumskog saobrac\u0301ja<\/p>\n\n\n\n<p>1. Marina Jac\u0301imovic\u0301<\/p>\n\n\n\n<p>2. Ivana An\u0111elovic\u0301<\/p>\n\n\n\n<p>I-2 <strong>Tehni\u010dar za kompjutersko upravljanje CNC ma\u0161ina<\/strong> &nbsp;:<\/p>\n\n\n\n<p>1. Selami Misini<\/p>\n\n\n\n<p>2. Ekrem Rashiti<\/p>\n\n\n\n<p>I-3 <strong>Elektrotehni\u010dar informacionih tehnologija<\/strong>:<\/p>\n\n\n\n<p>1. Ganimete Rexhepi<\/p>\n\n\n\n<p>2. Almedina Iseni<\/p>\n\n\n\n<p>I-4 <strong>Medicinska sestra - tehni\u010dar<\/strong>:<\/p>\n\n\n\n<p>1. Ahmet Ahmeti<\/p>\n\n\n\n<p>2. Arbnor Selimi<\/p>\n\n\n\n<p>I-5 <strong>tehni\u010dar<\/strong> <strong>Finansijsko-ra\u010dunovodstveni<\/strong>:<\/p>\n\n\n\n<p>1. Anesa Ramadani<\/p>\n\n\n\n<p>2. Shpresa Abdullahu<\/p>\n\n\n\n<p>I-6 <strong>Voza\u010d motornih vozila<\/strong>:<\/p>\n\n\n\n<p>1. Metat Hajdari;<\/p>\n\n\n\n<p>2. Agon Jakupi;<\/p>\n\n\n\n<p>10. 05.07. 2023. godine bic\u0301e odr\u017eana sednica Nastavni\u010dkog vec\u0301a sa po\u010detkom u 10:00 \u010dasova.<\/p>\n\n\n\n<p>U Pre\u0161evu\n\n    Direktor \u0161kole<\/p>\n\n\n\n<p>16.06.2023&nbsp;&nbsp;&nbsp;&nbsp;&nbsp;&nbsp;&nbsp;&nbsp;&nbsp;&nbsp;&nbsp;&nbsp;&nbsp;&nbsp;&nbsp;&nbsp;&nbsp;&nbsp;&nbsp;&nbsp;&nbsp;&nbsp;&nbsp;&nbsp;&nbsp;&nbsp;&nbsp;&nbsp;&nbsp;&nbsp;&nbsp;&nbsp;&nbsp;&nbsp;&nbsp;&nbsp;&nbsp; &nbsp;&nbsp;&nbsp;&nbsp;&nbsp;&nbsp;&nbsp;&nbsp;&nbsp;&nbsp;&nbsp;&nbsp;&nbsp;&nbsp; __________________<\/p>\n\n\n\n<p>&nbsp;&nbsp;&nbsp;&nbsp;&nbsp;&nbsp;&nbsp;&nbsp;&nbsp;&nbsp;&nbsp;&nbsp;&nbsp;&nbsp;&nbsp;&nbsp;&nbsp;&nbsp;&nbsp;&nbsp;&nbsp;&nbsp;&nbsp;&nbsp;&nbsp;&nbsp;&nbsp;&nbsp;&nbsp;&nbsp;&nbsp;&nbsp;&nbsp;&nbsp;&nbsp;&nbsp;&nbsp;&nbsp;&nbsp;&nbsp;&nbsp;&nbsp;&nbsp;&nbsp;&nbsp;&nbsp;&nbsp;&nbsp;&nbsp;&nbsp;&nbsp;&nbsp;&nbsp;&nbsp;&nbsp;&nbsp;&nbsp;&nbsp;&nbsp;&nbsp;&nbsp;&nbsp;&nbsp;&nbsp;&nbsp;&nbsp;&nbsp;&nbsp;&nbsp;&nbsp;&nbsp;&nbsp;&nbsp;&nbsp;&nbsp;&nbsp; &nbsp;&nbsp;&nbsp; Telat Arifi<\/p>","protected":false},"excerpt":{"rendered":"<p>1) M\u00ebsimi p\u00ebr klas\u00ebt jo-p\u00ebrfundimtare, p\u00ebrfundon m\u00eb dat\u00eb 06.06.2023; 2) Nga data 07.06. deri m\u00eb 20.06. 2023. realizimi i llojeve&#8230;<\/p>","protected":false},"author":4,"featured_media":372,"comment_status":"open","ping_status":"open","sticky":false,"template":"","format":"standard","meta":{"om_disable_all_campaigns":false,"_monsterinsights_skip_tracking":false,"_monsterinsights_sitenote_active":false,"_monsterinsights_sitenote_note":"","_monsterinsights_sitenote_category":0,"footnotes":""},"categories":[18],"tags":[],"class_list":["post-515","post","type-post","status-publish","format-standard","has-post-thumbnail","hentry","category-lajmerimet"],"_links":{"self":[{"href":"https:\/\/shmt-presheva.com\/sr\/wp-json\/wp\/v2\/posts\/515","targetHints":{"allow":["GET"]}}],"collection":[{"href":"https:\/\/shmt-presheva.com\/sr\/wp-json\/wp\/v2\/posts"}],"about":[{"href":"https:\/\/shmt-presheva.com\/sr\/wp-json\/wp\/v2\/types\/post"}],"author":[{"embeddable":true,"href":"https:\/\/shmt-presheva.com\/sr\/wp-json\/wp\/v2\/users\/4"}],"replies":[{"embeddable":true,"href":"https:\/\/shmt-presheva.com\/sr\/wp-json\/wp\/v2\/comments?post=515"}],"version-history":[{"count":7,"href":"https:\/\/shmt-presheva.com\/sr\/wp-json\/wp\/v2\/posts\/515\/revisions"}],"predecessor-version":[{"id":526,"href":"https:\/\/shmt-presheva.com\/sr\/wp-json\/wp\/v2\/posts\/515\/revisions\/526"}],"wp:featuredmedia":[{"embeddable":true,"href":"https:\/\/shmt-presheva.com\/sr\/wp-json\/wp\/v2\/media\/372"}],"wp:attachment":[{"href":"https:\/\/shmt-presheva.com\/sr\/wp-json\/wp\/v2\/media?parent=515"}],"wp:term":[{"taxonomy":"category","embeddable":true,"href":"https:\/\/shmt-presheva.com\/sr\/wp-json\/wp\/v2\/categories?post=515"},{"taxonomy":"post_tag","embeddable":true,"href":"https:\/\/shmt-presheva.com\/sr\/wp-json\/wp\/v2\/tags?post=515"}],"curies":[{"name":"wp","href":"https:\/\/api.w.org\/{rel}","templated":true}]}}