{"id":338,"date":"2023-01-13T13:41:01","date_gmt":"2023-01-13T13:41:01","guid":{"rendered":"http:\/\/shmt-presheva.com\/?p=338"},"modified":"2023-01-13T14:11:58","modified_gmt":"2023-01-13T14:11:58","slug":"orari-i-provimit-te-matures-per-nxenesit-sipas-plan-programit-te-ri-afati-i-janarit","status":"publish","type":"post","link":"https:\/\/shmt-presheva.com\/sr\/orari-i-provimit-te-matures-per-nxenesit-sipas-plan-programit-te-ri-afati-i-janarit\/","title":{"rendered":"RASPORED POLAGANJA MATURSKOG ISPITA ZA U\u010cENIKE KOJI POLA\u017dU PO NOVOM PLANU I PROGRAMU \u2013 JANUARSKI ROK"},"content":{"rendered":"<p><strong>Tehni\u010dar drumskog saobrac\u0301ja<\/strong> (\u043d\u0430\u0441\u0442\u0430\u0432\u0430 \u043d\u0430 \u0441\u0440\u043f\u0441\u043a\u043e\u043e\u043c \u0458\u0435\u0437\u0438\u043a\u0443)<\/p>\n\n\n\n<p>30.1.2023. godine (ponedeljak)&nbsp; <strong>POLAGANJE SRPSKOG JEZIKA<\/strong> u 10:00 \u010dasova<\/p>\n\n\n\n<p>31.1.2023. godine (utorak) <strong>PROVERA STRU\u010cNO-TEORIJSKOG ZNANJA<\/strong> u 10:00 \u010dasova<\/p>\n\n\n\n<p>02. 2. 2023. godine (\u010detvrtak) <strong>ODBRANA PRAKTI\u010cNOG RADA<\/strong> u 10:00 \u010dasova<\/p>\n\n\n\n<p><strong>Komisija<\/strong>:<\/p>\n\n\n\n<p><strong>I. Komisija za pregledavanje pismenog ispita iz<\/strong> <strong>srpskog jezika<\/strong><\/p>\n\n\n\n<p>1. Marina Jac\u0301imovic\u0301 <\/p>\n\n\n\n<p>2. Biljana Pe\u0161ic\u0301 <\/p>\n\n\n\n<p>3. Sla\u0111ana \u0110or\u0111evic\u0301<\/p>\n\n\n\n<p><strong>II. \u041a\u043e\u043c\u0438\u0441\u0438\u0458\u0430 \u0437\u0430 \u043f\u0440\u043e\u0432\u0435\u0440\u0443 \u0441\u0442\u0440\u0443\u0447\u043d\u043e \u2013 \u0442\u0435\u043e\u0440\u0438\u0458\u0441\u043a\u0438\u0445 \u0437\u043d\u0430\u045a\u0430<\/strong>: <\/p>\n\n\n\n<p>1. Stefan An\u0111elkovic\u0301 <\/p>\n\n\n\n<p>2.Radovan Nikolic\u0301 <\/p>\n\n\n\n<p>3. Metat Ajdari <\/p>\n\n\n\n<p><strong>III. Komisija za maturski prakti\u010dni rad:<\/strong><\/p>\n\n\n\n<p>1. Radovan Nikolic\u0301 <\/p>\n\n\n\n<p>2. Bekim Kurtishi<\/p>\n\n\n\n<p>3. Bojan Bojkovic\u0301, spolja\u0161nji saradnik<\/p>\n\n\n\n<p><strong>Tehni\u010dar drumskog saobrac\u0301ja<\/strong> (nastava na albanskom jeziku)<\/p>\n\n\n\n<p>30.1.2023. godine (ponedeljak)&nbsp; <strong>Pismeni ispit iz albanskog jezika<\/strong> u 10:00 \u010dasova<\/p>\n\n\n\n<p>31.1.2023. godine (utorak) <strong>PROVERA STRU\u010cNO-TEORIJSKOG ZNANJA<\/strong> u 10:00 \u010dasova<\/p>\n\n\n\n<p>02. 2. 2023. godine (\u010detvrtak) <strong>ODBRANA PRAKTI\u010cNOG RADA<\/strong> u 10:00 \u010dasova<\/p>\n\n\n\n<p><strong>Komisija<\/strong><\/p>\n\n\n\n<p><strong>I. Komisija za pregledavanje pismenog ispita iz albanskog jezika<\/strong><\/p>\n\n\n\n<p>1. Hidajete Haliti,<\/p>\n\n\n\n<p>2. Avni Shaqiri,<\/p>\n\n\n\n<p>3. Antigona Rashiti,<\/p>\n\n\n\n<p>4. Bekim Ademi.<\/p>\n\n\n\n<p><strong>Komisija za proveru stru\u010dno \u2013 teorijskih znanja<\/strong><\/p>\n\n\n\n<p>1. Bekim Kurtishi,<\/p>\n\n\n\n<p>2. Bashkim Jashari \u2013  ispitiva\u010d<\/p>\n\n\n\n<p>3. Sunaj Rexhepi \u2013 ispitiva\u010d<\/p>\n\n\n\n<p>4. Metat Ajdari \u2013 ispitiva\u010d<\/p>\n\n\n\n<p><strong>III. Komisija za maturski prakti\u010dni rad:<\/strong><\/p>\n\n\n\n<p>1. Bashkim Jashari \u2013  ispitiva\u010d<\/p>\n\n\n\n<p>2. Sunaj Rexhepi \u2013 ispitiva\u010d<\/p>\n\n\n\n<p>3. ____________________ \u2013 ispitiva\u010d.<\/p>\n\n\n\n<p><strong>Medicinska sestra - tehni\u010dar<\/strong><\/p>\n\n\n\n<p>24.1.2023. (Utorak)&nbsp; <strong>Pismeni ispit iz albanskog jezika<\/strong> u 10:00 \u010dasova<\/p>\n\n\n\n<p>25.1.2023. (Sreda) <strong>PROVERA STRU\u010cNO-TEORIJSKOG ZNANJA<\/strong> u 10:00 \u010dasova<\/p>\n\n\n\n<p>26. 1. 2023. (\u010detvrtak) <strong>ODBRANA PRAKTI\u010cNOG RADA<\/strong> u 10:00 \u010dasova<\/p>\n\n\n\n<p><strong>Komisija<\/strong><\/p>\n\n\n\n<p><strong>I.<strong>Komisija za pregledavanje pismenog ispita iz<\/strong><\/strong> <strong>srpskog jezika<\/strong><\/p>\n\n\n\n<p>1. Marina Jac\u0301imovic\u0301<\/p>\n\n\n\n<p>2. Biljana Pe\u0161ic\u0301<\/p>\n\n\n\n<p>3. Sla\u0111ana \u0110or\u0111evic\u0301<\/p>\n\n\n\n<p><strong>I. Komisija za pregledavanje pismenog ispita iz albanskog jezika<\/strong><\/p>\n\n\n\n<p>1. Hidajete Haliti,<\/p>\n\n\n\n<p>2. Avni Shaqiri,<\/p>\n\n\n\n<p>3. Antigona Rashiti,<\/p>\n\n\n\n<p>4. Bekim Ademi.<\/p>\n\n\n\n<p><strong>Komisija za proveru stru\u010dno \u2013 teorijskih znanja<\/strong><\/p>\n\n\n\n<p>1. Lulzana Salihu,<\/p>\n\n\n\n<p>2. Albana Zulfiu, <\/p>\n\n\n\n<p>3. Valmira Selimi<\/p>\n\n\n\n<p><strong>III. Komisija za maturski prakti\u010dni rad:<\/strong><\/p>\n\n\n\n<p>1. Ahmet Ahmeti \u2013 preds. \/ Valmira Selimi pom.<\/p>\n\n\n\n<p>2. Fitor Abdullahu \u2013 Qahil Saqipi pom. <\/p>\n\n\n\n<p>3. Shkelzen Arifi<\/p>\n\n\n\n<p><strong>Tehni\u010dar za kompjutersko upravljanje CNC ma\u0161ina<\/strong><\/p>\n\n\n\n<p>30.1.2023 (ponedeljak)&nbsp; <strong>Pismeni ispit iz albanskog jezika<\/strong> u 10:00 \u010dasova<\/p>\n\n\n\n<p>01.02.2023 god. (sreda) <strong>PROVERA STRU\u010cNO-TEORIJSKOG ZNANJA<\/strong> u 10:00 \u010dasova<\/p>\n\n\n\n<p>02.02. 2023 god. (cetvrtak) <strong>ODBRANA PRAKTI\u010cNOG RADA<\/strong> u 10:00 \u010dasova<\/p>\n\n\n\n<p><strong>I. Komisija za pregledavanje pismenog ispita iz albanskog jezika<\/strong><\/p>\n\n\n\n<p>1. Hidajete Haliti,<\/p>\n\n\n\n<p>2. Avni Shaqiri,<\/p>\n\n\n\n<p>3. Antigona Rashiti, <\/p>\n\n\n\n<p>4. Bekim Ademi.<\/p>\n\n\n\n<p><strong>Komisija za proveru stru\u010dno \u2013 teorijskih znanja<\/strong><\/p>\n\n\n\n<p>1. Mitat Saqipi ,<\/p>\n\n\n\n<p>2. Ali Halimi \u2013 ispitiva\u010d<\/p>\n\n\n\n<p>3. Abdylsamet Ahmeti \u2013  ispitiva\u010d<\/p>\n\n\n\n<p>4. Mumin Bajrami \u2013 ispitiva\u010d<\/p>\n\n\n\n<p><strong>III. Komisija za maturski prakti\u010dni rad:<\/strong><\/p>\n\n\n\n<p>1. Agim Kamberi \u2013  ispitiva\u010d<\/p>\n\n\n\n<p>2. Bashkim Ymeri \u2013 ispitiva\u010d<\/p>\n\n\n\n<p>3. ____________________ \u2013 ispitiva\u010d.<\/p>\n\n\n\n<p>Pre\u0161evo \nDirektor \u0161kole<\/p>\n\n\n\n<p>13.1.2023                                                         \u00a0\u00a0\u00a0\u00a0\u00a0\u00a0\u00a0\u00a0\u00a0\u00a0       Telat Arifi&nbsp;&nbsp;&nbsp;&nbsp;&nbsp;&nbsp;&nbsp;&nbsp;&nbsp;&nbsp;&nbsp;&nbsp;&nbsp;&nbsp;&nbsp;&nbsp;&nbsp;&nbsp;&nbsp;&nbsp;&nbsp;&nbsp;&nbsp;&nbsp;&nbsp;&nbsp;&nbsp;&nbsp;&nbsp;&nbsp;&nbsp;&nbsp;&nbsp;&nbsp;&nbsp;&nbsp;&nbsp;&nbsp;&nbsp;&nbsp;&nbsp;&nbsp;&nbsp;&nbsp;&nbsp;&nbsp;&nbsp;&nbsp;&nbsp;&nbsp;&nbsp;&nbsp;&nbsp;&nbsp;&nbsp;&nbsp;&nbsp;&nbsp;&nbsp;&nbsp;&nbsp;&nbsp;<\/p>","protected":false},"excerpt":{"rendered":"<p>Teknik i komunikacionit rrugor\u00eb (m\u00ebsimi n\u00eb gjuh\u00ebn serbe) \u041c\u00eb 30.1.2023. (e H\u00ebn\u00eb)&nbsp; Provimit me shkrim nga gjuha serbe ora 10:00;&#8230;<\/p>","protected":false},"author":4,"featured_media":64,"comment_status":"open","ping_status":"open","sticky":false,"template":"","format":"standard","meta":{"om_disable_all_campaigns":false,"_monsterinsights_skip_tracking":false,"_monsterinsights_sitenote_active":false,"_monsterinsights_sitenote_note":"","_monsterinsights_sitenote_category":0,"footnotes":""},"categories":[18],"tags":[],"class_list":["post-338","post","type-post","status-publish","format-standard","has-post-thumbnail","hentry","category-lajmerimet"],"_links":{"self":[{"href":"https:\/\/shmt-presheva.com\/sr\/wp-json\/wp\/v2\/posts\/338","targetHints":{"allow":["GET"]}}],"collection":[{"href":"https:\/\/shmt-presheva.com\/sr\/wp-json\/wp\/v2\/posts"}],"about":[{"href":"https:\/\/shmt-presheva.com\/sr\/wp-json\/wp\/v2\/types\/post"}],"author":[{"embeddable":true,"href":"https:\/\/shmt-presheva.com\/sr\/wp-json\/wp\/v2\/users\/4"}],"replies":[{"embeddable":true,"href":"https:\/\/shmt-presheva.com\/sr\/wp-json\/wp\/v2\/comments?post=338"}],"version-history":[{"count":2,"href":"https:\/\/shmt-presheva.com\/sr\/wp-json\/wp\/v2\/posts\/338\/revisions"}],"predecessor-version":[{"id":342,"href":"https:\/\/shmt-presheva.com\/sr\/wp-json\/wp\/v2\/posts\/338\/revisions\/342"}],"wp:featuredmedia":[{"embeddable":true,"href":"https:\/\/shmt-presheva.com\/sr\/wp-json\/wp\/v2\/media\/64"}],"wp:attachment":[{"href":"https:\/\/shmt-presheva.com\/sr\/wp-json\/wp\/v2\/media?parent=338"}],"wp:term":[{"taxonomy":"category","embeddable":true,"href":"https:\/\/shmt-presheva.com\/sr\/wp-json\/wp\/v2\/categories?post=338"},{"taxonomy":"post_tag","embeddable":true,"href":"https:\/\/shmt-presheva.com\/sr\/wp-json\/wp\/v2\/tags?post=338"}],"curies":[{"name":"wp","href":"https:\/\/api.w.org\/{rel}","templated":true}]}}