{"id":1644,"date":"2026-03-12T14:49:40","date_gmt":"2026-03-12T14:49:40","guid":{"rendered":"https:\/\/shmt-presheva.com\/?p=1644"},"modified":"2026-03-12T14:49:41","modified_gmt":"2026-03-12T14:49:41","slug":"manifestim-me-rastin-e-pensionimit-te-drejtorit-te-shkolles-z-telat-arifi","status":"publish","type":"post","link":"https:\/\/shmt-presheva.com\/sr\/manifestim-me-rastin-e-pensionimit-te-drejtorit-te-shkolles-z-telat-arifi\/","title":{"rendered":"Manifestacija povodom penzionisanja direktora \u0161kole, g.Telat Arifi"},"content":{"rendered":"<p>Dana 9. marta, u prostorijama Srednje Tehni\u010dke  \u0161kole \u201ePre\u0161evo\u201c u Pre\u0161evu odr\u017ean je poseban i veoma zna\u010dajan doga\u0111aj, koji su organizovali nastavnici i drugi zaposleni u \u0161koli, povodom odlaska u penziju direktora \u0161kole, gospodina Telat Arifi, \u010dime je obele\u017een kraj duge i uspe\u0161ne karijere u slu\u017ebi \u0161kolskog obrazovanja i vaspitanja. Kroz re\u010di zahvalnosti i sec\u0301anja koja su podelile kolege, ocenjena je njegova posvec\u0301enost, profesionalizam i doprinos tokom godina razvoju i napretku \u0161kole.<br><br>Da bi ovaj trenutak bio jo\u0161 posebniji, tokom doga\u0111aja su predstavljene fotografije i video zapis koji su odra\u017eavali profesionalni put direktora od njegovih po\u010detaka u obrazovanju do dana penzionisanja. Ova prezentacija je izazvala posebne emocije kod prisutnih, podsec\u0301ajuc\u0301i na va\u017ene trenutke rada i saradnje tokom godina.<br><br>Doga\u0111aj je zavr\u0161en u toploj i prijateljskoj atmosferi, uz \u010destitke, zahvalnost i po\u0161tovanje svima koji predano doprinose obrazovanju i formiranju mladih generacija.<\/p>\n\n\n\n<figure class=\"wp-block-embed is-type-rich is-provider-trajtues-trup-zimesh wp-block-embed-trajtues-trup-zimesh\"><div class=\"wp-block-embed__wrapper\">\n<div style=\"width: 640px;\" class=\"wp-video\"><video class=\"wp-video-shortcode\" id=\"video-1644-1\" width=\"640\" height=\"360\" preload=\"metadata\" controls=\"controls\"><source type=\"video\/mp4\" src=\"http:\/\/shmt-presheva.com\/wp-content\/uploads\/2026\/03\/Video-perfundimtare-drejtori-.mp4?_=1\" \/><a href=\"http:\/\/shmt-presheva.com\/wp-content\/uploads\/2026\/03\/Video-perfundimtare-drejtori-.mp4\">http:\/\/shmt-presheva.com\/wp-content\/uploads\/2026\/03\/Video-perfundimtare-drejtori-.mp4<\/a><\/video><\/div>\n<\/div><\/figure>\n\n\n\n<figure class=\"wp-block-embed is-type-rich is-provider-trajtues-trup-zimesh wp-block-embed-trajtues-trup-zimesh\"><div class=\"wp-block-embed__wrapper\">\n<div style=\"width: 640px;\" class=\"wp-video\"><video class=\"wp-video-shortcode\" id=\"video-1644-2\" width=\"640\" height=\"360\" preload=\"metadata\" controls=\"controls\"><source type=\"video\/mp4\" src=\"http:\/\/shmt-presheva.com\/wp-content\/uploads\/2026\/03\/video-e-shkurt-per-postim.mp4?_=2\" \/><a href=\"http:\/\/shmt-presheva.com\/wp-content\/uploads\/2026\/03\/video-e-shkurt-per-postim.mp4\">http:\/\/shmt-presheva.com\/wp-content\/uploads\/2026\/03\/video-e-shkurt-per-postim.mp4<\/a><\/video><\/div>\n<\/div><\/figure>","protected":false},"excerpt":{"rendered":"<p>Dana 9. marta, u prostorijama Srednje Tehni\u010dke \u0161kole \u201ePre\u0161eva\u201c u Pre\u0161evu odr\u017ean je poseban i veoma zna\u010dajan doga\u0111aj.<\/p>","protected":false},"author":4,"featured_media":239,"comment_status":"closed","ping_status":"open","sticky":false,"template":"","format":"standard","meta":{"om_disable_all_campaigns":false,"_monsterinsights_skip_tracking":false,"_monsterinsights_sitenote_active":false,"_monsterinsights_sitenote_note":"","_monsterinsights_sitenote_category":0,"footnotes":""},"categories":[21],"tags":[],"class_list":["post-1644","post","type-post","status-publish","format-standard","has-post-thumbnail","hentry","category-evidenca"],"_links":{"self":[{"href":"https:\/\/shmt-presheva.com\/sr\/wp-json\/wp\/v2\/posts\/1644","targetHints":{"allow":["GET"]}}],"collection":[{"href":"https:\/\/shmt-presheva.com\/sr\/wp-json\/wp\/v2\/posts"}],"about":[{"href":"https:\/\/shmt-presheva.com\/sr\/wp-json\/wp\/v2\/types\/post"}],"author":[{"embeddable":true,"href":"https:\/\/shmt-presheva.com\/sr\/wp-json\/wp\/v2\/users\/4"}],"replies":[{"embeddable":true,"href":"https:\/\/shmt-presheva.com\/sr\/wp-json\/wp\/v2\/comments?post=1644"}],"version-history":[{"count":1,"href":"https:\/\/shmt-presheva.com\/sr\/wp-json\/wp\/v2\/posts\/1644\/revisions"}],"predecessor-version":[{"id":1646,"href":"https:\/\/shmt-presheva.com\/sr\/wp-json\/wp\/v2\/posts\/1644\/revisions\/1646"}],"wp:featuredmedia":[{"embeddable":true,"href":"https:\/\/shmt-presheva.com\/sr\/wp-json\/wp\/v2\/media\/239"}],"wp:attachment":[{"href":"https:\/\/shmt-presheva.com\/sr\/wp-json\/wp\/v2\/media?parent=1644"}],"wp:term":[{"taxonomy":"category","embeddable":true,"href":"https:\/\/shmt-presheva.com\/sr\/wp-json\/wp\/v2\/categories?post=1644"},{"taxonomy":"post_tag","embeddable":true,"href":"https:\/\/shmt-presheva.com\/sr\/wp-json\/wp\/v2\/tags?post=1644"}],"curies":[{"name":"wp","href":"https:\/\/api.w.org\/{rel}","templated":true}]}}