{"id":1410,"date":"2025-08-19T09:28:06","date_gmt":"2025-08-19T09:28:06","guid":{"rendered":"https:\/\/shmt-presheva.com\/?p=1410"},"modified":"2025-08-20T08:42:03","modified_gmt":"2025-08-20T08:42:03","slug":"orari-i-punes-per-muajin-gusht-per-vitin-shkolor-2024-2025","status":"publish","type":"post","link":"https:\/\/shmt-presheva.com\/sr\/orari-i-punes-per-muajin-gusht-per-vitin-shkolor-2024-2025\/","title":{"rendered":"RASPORED RADA ZA MESEC AVGUST ZA \u0160KOLSKU 2024\/2025. god."},"content":{"rendered":"<ol class=\"wp-block-list\">\n<li>prijavljivanje radnika je od 18. 8. 2024. godine od 10:00 do 13:00 \u010dasova.<\/li>\n\n\n\n<li>Raspore\u0111ivanje neraspore\u0111enih u\u010denika u prvi razred 19.08.2025;<\/li>\n\n\n\n<li>Prijavljivanje svih vrsta ispita za redovne u\u010denike ( zavr\u0161ni, popravni, razredni, maturski) 19.08. 2025 god.;<strong>;<\/strong><\/li>\n\n\n\n<li>Pripremna nastava za u\u010denike koji su na popravnom i razrednom ispitu je 20.8. i 22.8. 2025. godine od 09:30 \u010dasova.<\/li>\n\n\n\n<li>Polaganje popravnih i razrednih ispita je 25 i 26.8.2025. godine.<\/li>\n\n\n\n<li>Pu\u0161tanje delovodnih brojeva svedo\u010danstava za redovne u\u010denike 28. 8. 2025. godine;<\/li>\n\n\n\n<li><strong>21.08. i 22.08. prijavljivanje vanrednih ispita kao i zavr\u0161nih i matruskih ispita za vanredne u\u010denike;<\/strong><\/li>\n\n\n\n<li><strong>Polaganje ispita za vanredne u\u010denike <\/strong><strong>je <\/strong><strong>2<\/strong><strong>7.08 i 28<\/strong><strong>.08.202<\/strong><strong>5 <\/strong><strong>n\u00eb ora 9:30;<\/strong><\/li>\n\n\n\n<li><strong>&nbsp;Dana <\/strong><strong>2<\/strong><strong>9<\/strong><strong>.<\/strong><strong>0<\/strong><strong>8.202<\/strong><strong>5<\/strong><strong>Pu\u0161tanje delovodnih brojeva diploma za vanredne u\u010denike<\/strong><\/li>\n<\/ol>\n\n\n\n<p><strong>POLAGANJE MATURSKOG ISPITA PO NOVOM NASTAVNOM PLANU<\/strong> <strong>p\u00ebr nx\u00ebn\u00ebsit e rregullt dhe t\u00eb \u00e7rregullt<\/strong><\/p>\n\n\n\n<ol class=\"wp-block-list\">\n<li>Polaganje maternjeg jezika 25. 08. 2025. godine u 10:00 \u010dasova za sve obrazovne profile;<\/li>\n\n\n\n<li><strong>POLAGANJE TESTA STRU\u010cNO-TEORIJSKOG ZNANJA<\/strong>:<\/li>\n<\/ol>\n\n\n\n<p>Finansijski administrator 26.08. 2025. sa po\u010detkom u 10:00 \u010dasova;<\/p>\n\n\n\n<p>Tehni\u010dar za kompjutersko upravljanje (CNC) ma\u0161ina 27.08.2025. sa po\u010detkom u 10:00 \u010dasova;<\/p>\n\n\n\n<p>- Elektrotehni\u010dar informacionih tehnologija 27.08.2025. sa po\u010detkom u 10:00 \u010dasova;<\/p>\n\n\n\n<p>- Tehni\u010dar drumskog saobrac\u0301aja 27.08.2025 godine u 10:00 \u010dasova<\/p>\n\n\n\n<p>- Medicinska sestra \u2013 tehni\u010dar 26.08.2025. godine u 10:00 \u010dasova;<\/p>\n\n\n\n<ul class=\"wp-block-list\">\n<li><strong>Polaganje prakti\u010dnog zadatka:<\/strong>:<\/li>\n<\/ul>\n\n\n\n<ul class=\"wp-block-list\">\n<li>Finansijski administrator 27.08. 2025. sa po\u010detkom u 10:00 \u010dasova;<\/li>\n\n\n\n<li>Tehni\u010dar za kompjutersko upravljanje (CNC) ma\u0161ina 28.08.2025. sa po\u010detkom u 10:00 \u010dasova;<\/li>\n\n\n\n<li>- Elektrotehni\u010dar informacionih tehnologija 27.08.2025. sa po\u010detkom u 10:00 \u010dasova;<\/li>\n\n\n\n<li>- Tehni\u010dar drumskog saobrac\u0301aja 28.08.2025 godine u 10:00 \u010dasova<\/li>\n\n\n\n<li>Teknik-mot\u00ebr medicinale, m\u00eb dat\u00eb 27.08.2025, n\u00eb ora 10.00;<\/li>\n\n\n\n<li>29.08.2025. pu\u0161tanje delovodnih brojeva \u2013 diplome.<\/li>\n\n\n\n<li>29. 08.2025. godine bic\u0301e odr\u017eana sednica Nastavni\u010dkog vec\u0301a sa po\u010detkom u 10:00 \u010dasova.<\/li>\n\n\n\n<li>Po\u010detak \u0161kolske 2025\/2026 godine je 01.09. 2025 godine (ponedeljak)<\/li>\n<\/ul>\n\n\n\n<p>Raspored \u010dasova bic\u0301e blagovremeno postavljen na oglasnoj tabli i sajtu \u0161kole;<\/p>\n\n\n\n<p class=\" translation-block\">Prepodnevnu smenu poha\u0111ac\u0301e u\u010denici I i III razreda i u\u010denici srpske nastave;<\/p>\n\n\n\n<p>&nbsp;&nbsp;&nbsp;&nbsp;&nbsp; Popodnevnu smenu poha\u0111ac\u0301e u\u010denici II i IV razreda.<\/p>\n\n\n\n<figure class=\"wp-block-table\"><table class=\"has-fixed-layout\"><tbody><tr><td>&nbsp;U Pre\u0161evu &nbsp;&nbsp; <\/td><td>&nbsp; <\/td><td>Direktor: <\/td><\/tr><tr><td>&nbsp;19.08.2025<\/td><td>&nbsp;<\/td><td>Telat Arifi&nbsp;<\/td><\/tr><\/tbody><\/table><\/figure>\n\n\n\n<p><\/p>","protected":false},"excerpt":{"rendered":"<p>POLAGANJE MATURSKOG ISPITA PO NOVOM NASTAVNOM PLANU ZA REDOVNE I VANREDNE U\u010cENIKE:<\/p>","protected":false},"author":4,"featured_media":1174,"comment_status":"open","ping_status":"open","sticky":false,"template":"","format":"standard","meta":{"om_disable_all_campaigns":false,"_monsterinsights_skip_tracking":false,"_monsterinsights_sitenote_active":false,"_monsterinsights_sitenote_note":"","_monsterinsights_sitenote_category":0,"footnotes":""},"categories":[18],"tags":[],"class_list":["post-1410","post","type-post","status-publish","format-standard","has-post-thumbnail","hentry","category-lajmerimet"],"_links":{"self":[{"href":"https:\/\/shmt-presheva.com\/sr\/wp-json\/wp\/v2\/posts\/1410","targetHints":{"allow":["GET"]}}],"collection":[{"href":"https:\/\/shmt-presheva.com\/sr\/wp-json\/wp\/v2\/posts"}],"about":[{"href":"https:\/\/shmt-presheva.com\/sr\/wp-json\/wp\/v2\/types\/post"}],"author":[{"embeddable":true,"href":"https:\/\/shmt-presheva.com\/sr\/wp-json\/wp\/v2\/users\/4"}],"replies":[{"embeddable":true,"href":"https:\/\/shmt-presheva.com\/sr\/wp-json\/wp\/v2\/comments?post=1410"}],"version-history":[{"count":5,"href":"https:\/\/shmt-presheva.com\/sr\/wp-json\/wp\/v2\/posts\/1410\/revisions"}],"predecessor-version":[{"id":1416,"href":"https:\/\/shmt-presheva.com\/sr\/wp-json\/wp\/v2\/posts\/1410\/revisions\/1416"}],"wp:featuredmedia":[{"embeddable":true,"href":"https:\/\/shmt-presheva.com\/sr\/wp-json\/wp\/v2\/media\/1174"}],"wp:attachment":[{"href":"https:\/\/shmt-presheva.com\/sr\/wp-json\/wp\/v2\/media?parent=1410"}],"wp:term":[{"taxonomy":"category","embeddable":true,"href":"https:\/\/shmt-presheva.com\/sr\/wp-json\/wp\/v2\/categories?post=1410"},{"taxonomy":"post_tag","embeddable":true,"href":"https:\/\/shmt-presheva.com\/sr\/wp-json\/wp\/v2\/tags?post=1410"}],"curies":[{"name":"wp","href":"https:\/\/api.w.org\/{rel}","templated":true}]}}